{"id":12888,"date":"2025-12-02T08:19:39","date_gmt":"2025-12-02T08:19:39","guid":{"rendered":"https:\/\/www.wirtschaftsverein.at\/?p=12888"},"modified":"2025-12-05T09:31:05","modified_gmt":"2025-12-05T09:31:05","slug":"business-poker-night-ein-voller-erfolg","status":"publish","type":"post","link":"https:\/\/www.wirtschaftsverein.at\/?p=12888","title":{"rendered":"Business Poker Night &#8211; ein voller Erfolg"},"content":{"rendered":"\t\t<div data-elementor-type=\"wp-post\" data-elementor-id=\"12888\" class=\"elementor elementor-12888\">\n\t\t\t\t<div class=\"elementor-element elementor-element-17451310 e-flex e-con-boxed e-con e-parent\" data-id=\"17451310\" data-element_type=\"container\">\n\t\t\t\t\t<div class=\"e-con-inner\">\n\t\t\t\t<div class=\"elementor-element elementor-element-24375a25 elementor-widget elementor-widget-text-editor\" data-id=\"24375a25\" data-element_type=\"widget\" data-widget_type=\"text-editor.default\">\n\t\t\t\t<div class=\"elementor-widget-container\">\n\t\t\t\t\t\t\t\t\t\n<p>Mit rund 50 Teilnehmer*innen und vielen Begleitpersonen war unsere diesj\u00e4hrige Business Poker Night im Casino Bregenz ein echtes Highlight. Am Pokertisch \u2013 und weit dar\u00fcber hinaus \u2013 entstanden neue pers\u00f6nliche Kontakte und frische gesch\u00e4ftliche Verkn\u00fcpfungen. Die G\u00e4ste blieben auch nach dem Turnier noch lange im gepflegten Ambiente zusammen, tauschten Ideen aus und kn\u00fcpften neue Partnerschaften. Das starke Feedback spricht f\u00fcr sich: Viele sind bereits jetzt f\u00fcr 2026 vorgemerkt.<\/p>\n\t\t\t\t\t\t\t\t<\/div>\n\t\t\t\t<\/div>\n\t\t\t\t\t<\/div>\n\t\t\t\t<\/div>\n\t\t<div class=\"elementor-element elementor-element-1fb69a8 e-flex e-con-boxed e-con e-parent\" data-id=\"1fb69a8\" data-element_type=\"container\">\n\t\t\t\t\t<div class=\"e-con-inner\">\n\t\t\t\t<div class=\"elementor-element elementor-element-a45a1cd elementor-widget elementor-widget-text-editor\" data-id=\"a45a1cd\" data-element_type=\"widget\" data-widget_type=\"text-editor.default\">\n\t\t\t\t<div class=\"elementor-widget-container\">\n\t\t\t\t\t\t\t\t\t<p><strong>Wir freuen uns auf die n\u00e4chste Runde!<\/strong><\/p>\n<p>F\u00fcr das Jahr 2026 k\u00fcndigt der Handwerker- und Wirtschaftsverein insgesamt sechs abwechslungsreiche Veranstaltungen an, die den regionalen Austausch f\u00f6rdern, die Vernetzung intensivieren und den Wirtschaftsstandort Lauterach st\u00e4rken und\u00a0 in den Fokus r\u00fccken sollen.<\/p>\t\t\t\t\t\t\t\t<\/div>\n\t\t\t\t<\/div>\n\t\t\t\t\t<\/div>\n\t\t\t\t<\/div>\n\t\t<div class=\"elementor-element elementor-element-6f688ae e-flex e-con-boxed e-con e-parent\" data-id=\"6f688ae\" data-element_type=\"container\">\n\t\t\t\t\t<div class=\"e-con-inner\">\n\t\t\t\t<div class=\"elementor-element elementor-element-3a08727 elementor-widget__width-initial elementor-widget elementor-widget-qi_addons_for_elementor_image_gallery_masonry\" data-id=\"3a08727\" data-element_type=\"widget\" data-widget_type=\"qi_addons_for_elementor_image_gallery_masonry.default\">\n\t\t\t\t<div class=\"elementor-widget-container\">\n\t\t\t\t\t<div class=\"qodef-shortcode qodef-m qodef-qi-image-gallery-masonry qodef-qi-fslightbox-popup qodef-popup-gallery qodef-image--hover-zoom qodef-qi-grid qodef-layout--qi-masonry qodef-items--fixed qodef-col-num--2 qodef-responsive--predefined\">\n\t<div class=\"qodef-grid-inner\">\n\t\t\t<div class=\"qodef-qi-grid-masonry-sizer\"><\/div>\n<div class=\"qodef-e qodef-image-wrapper qodef-grid-item qodef-item--\">\n\t<div class=\"qodef-e-inner\">\n\t\t\t\t\t<a class=\"qodef-popup-item\" itemprop=\"image\" href=\"https:\/\/www.wirtschaftsverein.at\/wp-content\/uploads\/2025\/12\/PHOTO-2025-11-24-12-47-52-2.jpg\" data-type=\"image\" data-fslightbox=\"gallery-1\">\n\t\t\t\t\t<img fetchpriority=\"high\" decoding=\"async\" width=\"1200\" height=\"1600\" src=\"https:\/\/www.wirtschaftsverein.at\/wp-content\/uploads\/2025\/12\/PHOTO-2025-11-24-12-47-52-2.jpg\" class=\"attachment- size-\" alt=\"\" srcset=\"https:\/\/www.wirtschaftsverein.at\/wp-content\/uploads\/2025\/12\/PHOTO-2025-11-24-12-47-52-2.jpg 1200w, https:\/\/www.wirtschaftsverein.at\/wp-content\/uploads\/2025\/12\/PHOTO-2025-11-24-12-47-52-2-225x300.jpg 225w, https:\/\/www.wirtschaftsverein.at\/wp-content\/uploads\/2025\/12\/PHOTO-2025-11-24-12-47-52-2-768x1024.jpg 768w, https:\/\/www.wirtschaftsverein.at\/wp-content\/uploads\/2025\/12\/PHOTO-2025-11-24-12-47-52-2-1152x1536.jpg 1152w\" sizes=\"(max-width: 1200px) 100vw, 1200px\" \/>\t\t\t\t\t<\/a>\n\t\t\t<\/div>\n<\/div>\n<div class=\"qodef-e qodef-image-wrapper qodef-grid-item qodef-item--\">\n\t<div class=\"qodef-e-inner\">\n\t\t\t\t\t<a class=\"qodef-popup-item\" itemprop=\"image\" href=\"https:\/\/www.wirtschaftsverein.at\/wp-content\/uploads\/2025\/12\/PHOTO-2025-11-24-12-47-52-3.jpg\" data-type=\"image\" data-fslightbox=\"gallery-1\">\n\t\t\t\t\t<img decoding=\"async\" width=\"1200\" height=\"1600\" src=\"https:\/\/www.wirtschaftsverein.at\/wp-content\/uploads\/2025\/12\/PHOTO-2025-11-24-12-47-52-3.jpg\" class=\"attachment- size-\" alt=\"\" srcset=\"https:\/\/www.wirtschaftsverein.at\/wp-content\/uploads\/2025\/12\/PHOTO-2025-11-24-12-47-52-3.jpg 1200w, https:\/\/www.wirtschaftsverein.at\/wp-content\/uploads\/2025\/12\/PHOTO-2025-11-24-12-47-52-3-225x300.jpg 225w, https:\/\/www.wirtschaftsverein.at\/wp-content\/uploads\/2025\/12\/PHOTO-2025-11-24-12-47-52-3-768x1024.jpg 768w, https:\/\/www.wirtschaftsverein.at\/wp-content\/uploads\/2025\/12\/PHOTO-2025-11-24-12-47-52-3-1152x1536.jpg 1152w\" sizes=\"(max-width: 1200px) 100vw, 1200px\" \/>\t\t\t\t\t<\/a>\n\t\t\t<\/div>\n<\/div>\n<div class=\"qodef-e qodef-image-wrapper qodef-grid-item qodef-item--\">\n\t<div class=\"qodef-e-inner\">\n\t\t\t\t\t<a class=\"qodef-popup-item\" itemprop=\"image\" href=\"https:\/\/www.wirtschaftsverein.at\/wp-content\/uploads\/2025\/12\/PHOTO-2025-11-24-12-47-52-Kopie.jpg\" data-type=\"image\" data-fslightbox=\"gallery-1\">\n\t\t\t\t\t<img decoding=\"async\" width=\"1200\" height=\"1600\" src=\"https:\/\/www.wirtschaftsverein.at\/wp-content\/uploads\/2025\/12\/PHOTO-2025-11-24-12-47-52-Kopie.jpg\" class=\"attachment- size-\" alt=\"\" srcset=\"https:\/\/www.wirtschaftsverein.at\/wp-content\/uploads\/2025\/12\/PHOTO-2025-11-24-12-47-52-Kopie.jpg 1200w, https:\/\/www.wirtschaftsverein.at\/wp-content\/uploads\/2025\/12\/PHOTO-2025-11-24-12-47-52-Kopie-225x300.jpg 225w, https:\/\/www.wirtschaftsverein.at\/wp-content\/uploads\/2025\/12\/PHOTO-2025-11-24-12-47-52-Kopie-768x1024.jpg 768w, https:\/\/www.wirtschaftsverein.at\/wp-content\/uploads\/2025\/12\/PHOTO-2025-11-24-12-47-52-Kopie-1152x1536.jpg 1152w\" sizes=\"(max-width: 1200px) 100vw, 1200px\" \/>\t\t\t\t\t<\/a>\n\t\t\t<\/div>\n<\/div>\n<div class=\"qodef-e qodef-image-wrapper qodef-grid-item qodef-item--\">\n\t<div class=\"qodef-e-inner\">\n\t\t\t\t\t<a class=\"qodef-popup-item\" itemprop=\"image\" href=\"https:\/\/www.wirtschaftsverein.at\/wp-content\/uploads\/2025\/12\/PHOTO-2025-11-24-12-47-52.jpg\" data-type=\"image\" data-fslightbox=\"gallery-1\">\n\t\t\t\t\t<img loading=\"lazy\" decoding=\"async\" width=\"1200\" height=\"1600\" src=\"https:\/\/www.wirtschaftsverein.at\/wp-content\/uploads\/2025\/12\/PHOTO-2025-11-24-12-47-52.jpg\" class=\"attachment- size-\" alt=\"\" srcset=\"https:\/\/www.wirtschaftsverein.at\/wp-content\/uploads\/2025\/12\/PHOTO-2025-11-24-12-47-52.jpg 1200w, https:\/\/www.wirtschaftsverein.at\/wp-content\/uploads\/2025\/12\/PHOTO-2025-11-24-12-47-52-225x300.jpg 225w, https:\/\/www.wirtschaftsverein.at\/wp-content\/uploads\/2025\/12\/PHOTO-2025-11-24-12-47-52-768x1024.jpg 768w, https:\/\/www.wirtschaftsverein.at\/wp-content\/uploads\/2025\/12\/PHOTO-2025-11-24-12-47-52-1152x1536.jpg 1152w\" sizes=\"(max-width: 1200px) 100vw, 1200px\" \/>\t\t\t\t\t<\/a>\n\t\t\t<\/div>\n<\/div>\n<div class=\"qodef-e qodef-image-wrapper qodef-grid-item qodef-item--\">\n\t<div class=\"qodef-e-inner\">\n\t\t\t\t\t<a class=\"qodef-popup-item\" itemprop=\"image\" href=\"https:\/\/www.wirtschaftsverein.at\/wp-content\/uploads\/2025\/12\/PHOTO-2025-11-24-12-47-56-2.jpg\" data-type=\"image\" data-fslightbox=\"gallery-1\">\n\t\t\t\t\t<img loading=\"lazy\" decoding=\"async\" width=\"1200\" height=\"1600\" src=\"https:\/\/www.wirtschaftsverein.at\/wp-content\/uploads\/2025\/12\/PHOTO-2025-11-24-12-47-56-2.jpg\" class=\"attachment- size-\" alt=\"\" srcset=\"https:\/\/www.wirtschaftsverein.at\/wp-content\/uploads\/2025\/12\/PHOTO-2025-11-24-12-47-56-2.jpg 1200w, https:\/\/www.wirtschaftsverein.at\/wp-content\/uploads\/2025\/12\/PHOTO-2025-11-24-12-47-56-2-225x300.jpg 225w, https:\/\/www.wirtschaftsverein.at\/wp-content\/uploads\/2025\/12\/PHOTO-2025-11-24-12-47-56-2-768x1024.jpg 768w, https:\/\/www.wirtschaftsverein.at\/wp-content\/uploads\/2025\/12\/PHOTO-2025-11-24-12-47-56-2-1152x1536.jpg 1152w\" sizes=\"(max-width: 1200px) 100vw, 1200px\" \/>\t\t\t\t\t<\/a>\n\t\t\t<\/div>\n<\/div>\n<div class=\"qodef-e qodef-image-wrapper qodef-grid-item qodef-item--\">\n\t<div class=\"qodef-e-inner\">\n\t\t\t\t\t<a class=\"qodef-popup-item\" itemprop=\"image\" href=\"https:\/\/www.wirtschaftsverein.at\/wp-content\/uploads\/2025\/12\/PHOTO-2025-11-24-12-47-56-4.jpg\" data-type=\"image\" data-fslightbox=\"gallery-1\">\n\t\t\t\t\t<img loading=\"lazy\" decoding=\"async\" width=\"1600\" height=\"1200\" src=\"https:\/\/www.wirtschaftsverein.at\/wp-content\/uploads\/2025\/12\/PHOTO-2025-11-24-12-47-56-4.jpg\" class=\"attachment- size-\" alt=\"\" srcset=\"https:\/\/www.wirtschaftsverein.at\/wp-content\/uploads\/2025\/12\/PHOTO-2025-11-24-12-47-56-4.jpg 1600w, https:\/\/www.wirtschaftsverein.at\/wp-content\/uploads\/2025\/12\/PHOTO-2025-11-24-12-47-56-4-300x225.jpg 300w, https:\/\/www.wirtschaftsverein.at\/wp-content\/uploads\/2025\/12\/PHOTO-2025-11-24-12-47-56-4-1024x768.jpg 1024w, https:\/\/www.wirtschaftsverein.at\/wp-content\/uploads\/2025\/12\/PHOTO-2025-11-24-12-47-56-4-768x576.jpg 768w, https:\/\/www.wirtschaftsverein.at\/wp-content\/uploads\/2025\/12\/PHOTO-2025-11-24-12-47-56-4-1536x1152.jpg 1536w\" sizes=\"(max-width: 1600px) 100vw, 1600px\" \/>\t\t\t\t\t<\/a>\n\t\t\t<\/div>\n<\/div>\n<div class=\"qodef-e qodef-image-wrapper qodef-grid-item qodef-item--\">\n\t<div class=\"qodef-e-inner\">\n\t\t\t\t\t<a class=\"qodef-popup-item\" itemprop=\"image\" href=\"https:\/\/www.wirtschaftsverein.at\/wp-content\/uploads\/2025\/12\/PHOTO-2025-11-24-12-47-58-2.jpg\" data-type=\"image\" data-fslightbox=\"gallery-1\">\n\t\t\t\t\t<img loading=\"lazy\" decoding=\"async\" width=\"1200\" height=\"1600\" src=\"https:\/\/www.wirtschaftsverein.at\/wp-content\/uploads\/2025\/12\/PHOTO-2025-11-24-12-47-58-2.jpg\" class=\"attachment- size-\" alt=\"\" srcset=\"https:\/\/www.wirtschaftsverein.at\/wp-content\/uploads\/2025\/12\/PHOTO-2025-11-24-12-47-58-2.jpg 1200w, https:\/\/www.wirtschaftsverein.at\/wp-content\/uploads\/2025\/12\/PHOTO-2025-11-24-12-47-58-2-225x300.jpg 225w, https:\/\/www.wirtschaftsverein.at\/wp-content\/uploads\/2025\/12\/PHOTO-2025-11-24-12-47-58-2-768x1024.jpg 768w, https:\/\/www.wirtschaftsverein.at\/wp-content\/uploads\/2025\/12\/PHOTO-2025-11-24-12-47-58-2-1152x1536.jpg 1152w\" sizes=\"(max-width: 1200px) 100vw, 1200px\" \/>\t\t\t\t\t<\/a>\n\t\t\t<\/div>\n<\/div>\n<div class=\"qodef-e qodef-image-wrapper qodef-grid-item qodef-item--\">\n\t<div class=\"qodef-e-inner\">\n\t\t\t\t\t<a class=\"qodef-popup-item\" itemprop=\"image\" href=\"https:\/\/www.wirtschaftsverein.at\/wp-content\/uploads\/2025\/12\/PHOTO-2025-11-24-12-47-57-2.jpg\" data-type=\"image\" data-fslightbox=\"gallery-1\">\n\t\t\t\t\t<img loading=\"lazy\" decoding=\"async\" width=\"1200\" height=\"1600\" src=\"https:\/\/www.wirtschaftsverein.at\/wp-content\/uploads\/2025\/12\/PHOTO-2025-11-24-12-47-57-2.jpg\" class=\"attachment- size-\" alt=\"\" srcset=\"https:\/\/www.wirtschaftsverein.at\/wp-content\/uploads\/2025\/12\/PHOTO-2025-11-24-12-47-57-2.jpg 1200w, https:\/\/www.wirtschaftsverein.at\/wp-content\/uploads\/2025\/12\/PHOTO-2025-11-24-12-47-57-2-225x300.jpg 225w, https:\/\/www.wirtschaftsverein.at\/wp-content\/uploads\/2025\/12\/PHOTO-2025-11-24-12-47-57-2-768x1024.jpg 768w, https:\/\/www.wirtschaftsverein.at\/wp-content\/uploads\/2025\/12\/PHOTO-2025-11-24-12-47-57-2-1152x1536.jpg 1152w\" sizes=\"(max-width: 1200px) 100vw, 1200px\" \/>\t\t\t\t\t<\/a>\n\t\t\t<\/div>\n<\/div>\n<div class=\"qodef-e qodef-image-wrapper qodef-grid-item qodef-item--\">\n\t<div class=\"qodef-e-inner\">\n\t\t\t\t\t<a class=\"qodef-popup-item\" itemprop=\"image\" href=\"https:\/\/www.wirtschaftsverein.at\/wp-content\/uploads\/2025\/12\/PHOTO-2025-11-24-12-47-58-4.jpg\" data-type=\"image\" data-fslightbox=\"gallery-1\">\n\t\t\t\t\t<img loading=\"lazy\" decoding=\"async\" width=\"1200\" height=\"1600\" src=\"https:\/\/www.wirtschaftsverein.at\/wp-content\/uploads\/2025\/12\/PHOTO-2025-11-24-12-47-58-4.jpg\" class=\"attachment- size-\" alt=\"\" srcset=\"https:\/\/www.wirtschaftsverein.at\/wp-content\/uploads\/2025\/12\/PHOTO-2025-11-24-12-47-58-4.jpg 1200w, https:\/\/www.wirtschaftsverein.at\/wp-content\/uploads\/2025\/12\/PHOTO-2025-11-24-12-47-58-4-225x300.jpg 225w, https:\/\/www.wirtschaftsverein.at\/wp-content\/uploads\/2025\/12\/PHOTO-2025-11-24-12-47-58-4-768x1024.jpg 768w, https:\/\/www.wirtschaftsverein.at\/wp-content\/uploads\/2025\/12\/PHOTO-2025-11-24-12-47-58-4-1152x1536.jpg 1152w\" sizes=\"(max-width: 1200px) 100vw, 1200px\" \/>\t\t\t\t\t<\/a>\n\t\t\t<\/div>\n<\/div>\n<div class=\"qodef-e qodef-image-wrapper qodef-grid-item qodef-item--\">\n\t<div class=\"qodef-e-inner\">\n\t\t\t\t\t<a class=\"qodef-popup-item\" itemprop=\"image\" href=\"https:\/\/www.wirtschaftsverein.at\/wp-content\/uploads\/2025\/12\/PHOTO-2025-11-24-12-47-59-4.jpg\" data-type=\"image\" data-fslightbox=\"gallery-1\">\n\t\t\t\t\t<img loading=\"lazy\" decoding=\"async\" width=\"1200\" height=\"1600\" src=\"https:\/\/www.wirtschaftsverein.at\/wp-content\/uploads\/2025\/12\/PHOTO-2025-11-24-12-47-59-4.jpg\" class=\"attachment- size-\" alt=\"\" srcset=\"https:\/\/www.wirtschaftsverein.at\/wp-content\/uploads\/2025\/12\/PHOTO-2025-11-24-12-47-59-4.jpg 1200w, https:\/\/www.wirtschaftsverein.at\/wp-content\/uploads\/2025\/12\/PHOTO-2025-11-24-12-47-59-4-225x300.jpg 225w, https:\/\/www.wirtschaftsverein.at\/wp-content\/uploads\/2025\/12\/PHOTO-2025-11-24-12-47-59-4-768x1024.jpg 768w, https:\/\/www.wirtschaftsverein.at\/wp-content\/uploads\/2025\/12\/PHOTO-2025-11-24-12-47-59-4-1152x1536.jpg 1152w\" sizes=\"(max-width: 1200px) 100vw, 1200px\" \/>\t\t\t\t\t<\/a>\n\t\t\t<\/div>\n<\/div>\n<div class=\"qodef-e qodef-image-wrapper qodef-grid-item qodef-item--\">\n\t<div class=\"qodef-e-inner\">\n\t\t\t\t\t<a class=\"qodef-popup-item\" itemprop=\"image\" href=\"https:\/\/www.wirtschaftsverein.at\/wp-content\/uploads\/2025\/12\/PHOTO-2025-11-24-12-47-59-2.jpg\" data-type=\"image\" data-fslightbox=\"gallery-1\">\n\t\t\t\t\t<img loading=\"lazy\" decoding=\"async\" width=\"1200\" height=\"1600\" src=\"https:\/\/www.wirtschaftsverein.at\/wp-content\/uploads\/2025\/12\/PHOTO-2025-11-24-12-47-59-2.jpg\" class=\"attachment- size-\" alt=\"\" srcset=\"https:\/\/www.wirtschaftsverein.at\/wp-content\/uploads\/2025\/12\/PHOTO-2025-11-24-12-47-59-2.jpg 1200w, https:\/\/www.wirtschaftsverein.at\/wp-content\/uploads\/2025\/12\/PHOTO-2025-11-24-12-47-59-2-225x300.jpg 225w, https:\/\/www.wirtschaftsverein.at\/wp-content\/uploads\/2025\/12\/PHOTO-2025-11-24-12-47-59-2-768x1024.jpg 768w, https:\/\/www.wirtschaftsverein.at\/wp-content\/uploads\/2025\/12\/PHOTO-2025-11-24-12-47-59-2-1152x1536.jpg 1152w\" sizes=\"(max-width: 1200px) 100vw, 1200px\" \/>\t\t\t\t\t<\/a>\n\t\t\t<\/div>\n<\/div>\n<div class=\"qodef-e qodef-image-wrapper qodef-grid-item qodef-item--\">\n\t<div class=\"qodef-e-inner\">\n\t\t\t\t\t<a class=\"qodef-popup-item\" itemprop=\"image\" href=\"https:\/\/www.wirtschaftsverein.at\/wp-content\/uploads\/2025\/12\/PHOTO-2025-11-24-12-47-58.jpg\" data-type=\"image\" data-fslightbox=\"gallery-1\">\n\t\t\t\t\t<img loading=\"lazy\" decoding=\"async\" width=\"1200\" height=\"1600\" src=\"https:\/\/www.wirtschaftsverein.at\/wp-content\/uploads\/2025\/12\/PHOTO-2025-11-24-12-47-58.jpg\" class=\"attachment- size-\" alt=\"\" srcset=\"https:\/\/www.wirtschaftsverein.at\/wp-content\/uploads\/2025\/12\/PHOTO-2025-11-24-12-47-58.jpg 1200w, https:\/\/www.wirtschaftsverein.at\/wp-content\/uploads\/2025\/12\/PHOTO-2025-11-24-12-47-58-225x300.jpg 225w, https:\/\/www.wirtschaftsverein.at\/wp-content\/uploads\/2025\/12\/PHOTO-2025-11-24-12-47-58-768x1024.jpg 768w, https:\/\/www.wirtschaftsverein.at\/wp-content\/uploads\/2025\/12\/PHOTO-2025-11-24-12-47-58-1152x1536.jpg 1152w\" sizes=\"(max-width: 1200px) 100vw, 1200px\" \/>\t\t\t\t\t<\/a>\n\t\t\t<\/div>\n<\/div>\n<div class=\"qodef-e qodef-image-wrapper qodef-grid-item qodef-item--\">\n\t<div class=\"qodef-e-inner\">\n\t\t\t\t\t<a class=\"qodef-popup-item\" itemprop=\"image\" href=\"https:\/\/www.wirtschaftsverein.at\/wp-content\/uploads\/2025\/12\/PHOTO-2025-11-24-12-47-55-2.jpg\" data-type=\"image\" data-fslightbox=\"gallery-1\">\n\t\t\t\t\t<img loading=\"lazy\" decoding=\"async\" width=\"1200\" height=\"1600\" src=\"https:\/\/www.wirtschaftsverein.at\/wp-content\/uploads\/2025\/12\/PHOTO-2025-11-24-12-47-55-2.jpg\" class=\"attachment- size-\" alt=\"\" srcset=\"https:\/\/www.wirtschaftsverein.at\/wp-content\/uploads\/2025\/12\/PHOTO-2025-11-24-12-47-55-2.jpg 1200w, https:\/\/www.wirtschaftsverein.at\/wp-content\/uploads\/2025\/12\/PHOTO-2025-11-24-12-47-55-2-225x300.jpg 225w, https:\/\/www.wirtschaftsverein.at\/wp-content\/uploads\/2025\/12\/PHOTO-2025-11-24-12-47-55-2-768x1024.jpg 768w, https:\/\/www.wirtschaftsverein.at\/wp-content\/uploads\/2025\/12\/PHOTO-2025-11-24-12-47-55-2-1152x1536.jpg 1152w\" sizes=\"(max-width: 1200px) 100vw, 1200px\" \/>\t\t\t\t\t<\/a>\n\t\t\t<\/div>\n<\/div>\n<div class=\"qodef-e qodef-image-wrapper qodef-grid-item qodef-item--\">\n\t<div class=\"qodef-e-inner\">\n\t\t\t\t\t<a class=\"qodef-popup-item\" itemprop=\"image\" href=\"https:\/\/www.wirtschaftsverein.at\/wp-content\/uploads\/2025\/12\/PHOTO-2025-11-24-12-47-54.jpg\" data-type=\"image\" data-fslightbox=\"gallery-1\">\n\t\t\t\t\t<img loading=\"lazy\" decoding=\"async\" width=\"1200\" height=\"1600\" src=\"https:\/\/www.wirtschaftsverein.at\/wp-content\/uploads\/2025\/12\/PHOTO-2025-11-24-12-47-54.jpg\" class=\"attachment- size-\" alt=\"\" srcset=\"https:\/\/www.wirtschaftsverein.at\/wp-content\/uploads\/2025\/12\/PHOTO-2025-11-24-12-47-54.jpg 1200w, https:\/\/www.wirtschaftsverein.at\/wp-content\/uploads\/2025\/12\/PHOTO-2025-11-24-12-47-54-225x300.jpg 225w, https:\/\/www.wirtschaftsverein.at\/wp-content\/uploads\/2025\/12\/PHOTO-2025-11-24-12-47-54-768x1024.jpg 768w, https:\/\/www.wirtschaftsverein.at\/wp-content\/uploads\/2025\/12\/PHOTO-2025-11-24-12-47-54-1152x1536.jpg 1152w\" sizes=\"(max-width: 1200px) 100vw, 1200px\" \/>\t\t\t\t\t<\/a>\n\t\t\t<\/div>\n<\/div>\n\t<\/div>\n<\/div>\n\t\t\t\t<\/div>\n\t\t\t\t<\/div>\n\t\t\t\t\t<\/div>\n\t\t\t\t<\/div>\n\t\t\t\t<\/div>\n\t\t","protected":false},"excerpt":{"rendered":"<p>Mit rund 50 Teilnehmer*innen und vielen Begleitpersonen war unsere diesj\u00e4hrige Business Poker Night im Casino Bregenz ein echtes Highlight. Am Pokertisch \u2013 und weit dar\u00fcber hinaus \u2013 entstanden neue pers\u00f6nliche Kontakte und frische gesch\u00e4ftliche Verkn\u00fcpfungen. Die G\u00e4ste blieben auch nach dem Turnier noch lange im gepflegten Ambiente zusammen, tauschten Ideen aus und kn\u00fcpften neue Partnerschaften. [&hellip;]<\/p>\n","protected":false},"author":1,"featured_media":12898,"comment_status":"closed","ping_status":"closed","sticky":false,"template":"","format":"standard","meta":{"footnotes":""},"categories":[1,52],"tags":[48,49],"class_list":["post-12888","post","type-post","status-publish","format-standard","has-post-thumbnail","hentry","category-allgemein","category-news","tag-48","tag-business-poker-night"],"yoast_head":"<!-- This site is optimized with the Yoast SEO plugin v26.5 - https:\/\/yoast.com\/wordpress\/plugins\/seo\/ -->\n<title>Business Poker Night - ein voller Erfolg - Wirtschaftsverein Lauter<\/title>\n<meta name=\"robots\" content=\"index, follow, max-snippet:-1, max-image-preview:large, max-video-preview:-1\" \/>\n<link rel=\"canonical\" href=\"https:\/\/www.wirtschaftsverein.at\/?p=12888\" \/>\n<meta property=\"og:locale\" content=\"de_DE\" \/>\n<meta property=\"og:type\" content=\"article\" \/>\n<meta property=\"og:title\" content=\"Business Poker Night - ein voller Erfolg - Wirtschaftsverein Lauter\" \/>\n<meta property=\"og:description\" content=\"Mit rund 50 Teilnehmer*innen und vielen Begleitpersonen war unsere diesj\u00e4hrige Business Poker Night im Casino Bregenz ein echtes Highlight. Am Pokertisch \u2013 und weit dar\u00fcber hinaus \u2013 entstanden neue pers\u00f6nliche Kontakte und frische gesch\u00e4ftliche Verkn\u00fcpfungen. Die G\u00e4ste blieben auch nach dem Turnier noch lange im gepflegten Ambiente zusammen, tauschten Ideen aus und kn\u00fcpften neue Partnerschaften. [&hellip;]\" \/>\n<meta property=\"og:url\" content=\"https:\/\/www.wirtschaftsverein.at\/?p=12888\" \/>\n<meta property=\"og:site_name\" content=\"Wirtschaftsverein Lauter\" \/>\n<meta property=\"article:published_time\" content=\"2025-12-02T08:19:39+00:00\" \/>\n<meta property=\"article:modified_time\" content=\"2025-12-05T09:31:05+00:00\" \/>\n<meta property=\"og:image\" content=\"https:\/\/www.wirtschaftsverein.at\/wp-content\/uploads\/2025\/12\/PHOTO-2025-11-24-12-47-54-2.jpg\" \/>\n\t<meta property=\"og:image:width\" content=\"1200\" \/>\n\t<meta property=\"og:image:height\" content=\"1600\" \/>\n\t<meta property=\"og:image:type\" content=\"image\/jpeg\" \/>\n<meta name=\"author\" content=\"admin\" \/>\n<meta name=\"twitter:card\" content=\"summary_large_image\" \/>\n<meta name=\"twitter:label1\" content=\"Verfasst von\" \/>\n\t<meta name=\"twitter:data1\" content=\"admin\" \/>\n\t<meta name=\"twitter:label2\" content=\"Gesch\u00e4tzte Lesezeit\" \/>\n\t<meta name=\"twitter:data2\" content=\"4\u00a0Minuten\" \/>\n<script type=\"application\/ld+json\" class=\"yoast-schema-graph\">{\"@context\":\"https:\/\/schema.org\",\"@graph\":[{\"@type\":\"Article\",\"@id\":\"https:\/\/www.wirtschaftsverein.at\/?p=12888#article\",\"isPartOf\":{\"@id\":\"https:\/\/www.wirtschaftsverein.at\/?p=12888\"},\"author\":{\"name\":\"admin\",\"@id\":\"https:\/\/www.wirtschaftsverein.at\/#\/schema\/person\/7f6ccc333d1a1b32e78eeecb1dfdf419\"},\"headline\":\"Business Poker Night &#8211; ein voller Erfolg\",\"datePublished\":\"2025-12-02T08:19:39+00:00\",\"dateModified\":\"2025-12-05T09:31:05+00:00\",\"mainEntityOfPage\":{\"@id\":\"https:\/\/www.wirtschaftsverein.at\/?p=12888\"},\"wordCount\":126,\"publisher\":{\"@id\":\"https:\/\/www.wirtschaftsverein.at\/#organization\"},\"image\":{\"@id\":\"https:\/\/www.wirtschaftsverein.at\/?p=12888#primaryimage\"},\"thumbnailUrl\":\"https:\/\/www.wirtschaftsverein.at\/wp-content\/uploads\/2025\/12\/PHOTO-2025-11-24-12-47-54-2.jpg\",\"keywords\":[\"2025\",\"business Poker night\"],\"articleSection\":{\"1\":\"News\"},\"inLanguage\":\"de\"},{\"@type\":\"WebPage\",\"@id\":\"https:\/\/www.wirtschaftsverein.at\/?p=12888\",\"url\":\"https:\/\/www.wirtschaftsverein.at\/?p=12888\",\"name\":\"Business Poker Night - ein voller Erfolg - Wirtschaftsverein Lauter\",\"isPartOf\":{\"@id\":\"https:\/\/www.wirtschaftsverein.at\/#website\"},\"primaryImageOfPage\":{\"@id\":\"https:\/\/www.wirtschaftsverein.at\/?p=12888#primaryimage\"},\"image\":{\"@id\":\"https:\/\/www.wirtschaftsverein.at\/?p=12888#primaryimage\"},\"thumbnailUrl\":\"https:\/\/www.wirtschaftsverein.at\/wp-content\/uploads\/2025\/12\/PHOTO-2025-11-24-12-47-54-2.jpg\",\"datePublished\":\"2025-12-02T08:19:39+00:00\",\"dateModified\":\"2025-12-05T09:31:05+00:00\",\"breadcrumb\":{\"@id\":\"https:\/\/www.wirtschaftsverein.at\/?p=12888#breadcrumb\"},\"inLanguage\":\"de\",\"potentialAction\":[{\"@type\":\"ReadAction\",\"target\":[\"https:\/\/www.wirtschaftsverein.at\/?p=12888\"]}]},{\"@type\":\"ImageObject\",\"inLanguage\":\"de\",\"@id\":\"https:\/\/www.wirtschaftsverein.at\/?p=12888#primaryimage\",\"url\":\"https:\/\/www.wirtschaftsverein.at\/wp-content\/uploads\/2025\/12\/PHOTO-2025-11-24-12-47-54-2.jpg\",\"contentUrl\":\"https:\/\/www.wirtschaftsverein.at\/wp-content\/uploads\/2025\/12\/PHOTO-2025-11-24-12-47-54-2.jpg\",\"width\":1200,\"height\":1600},{\"@type\":\"BreadcrumbList\",\"@id\":\"https:\/\/www.wirtschaftsverein.at\/?p=12888#breadcrumb\",\"itemListElement\":[{\"@type\":\"ListItem\",\"position\":1,\"name\":\"Startseite\",\"item\":\"https:\/\/www.wirtschaftsverein.at\/\"},{\"@type\":\"ListItem\",\"position\":2,\"name\":\"Business Poker Night &#8211; ein voller Erfolg\"}]},{\"@type\":\"WebSite\",\"@id\":\"https:\/\/www.wirtschaftsverein.at\/#website\",\"url\":\"https:\/\/www.wirtschaftsverein.at\/\",\"name\":\"Wirtschaftsverein Lauter\",\"description\":\"\",\"publisher\":{\"@id\":\"https:\/\/www.wirtschaftsverein.at\/#organization\"},\"potentialAction\":[{\"@type\":\"SearchAction\",\"target\":{\"@type\":\"EntryPoint\",\"urlTemplate\":\"https:\/\/www.wirtschaftsverein.at\/?s={search_term_string}\"},\"query-input\":{\"@type\":\"PropertyValueSpecification\",\"valueRequired\":true,\"valueName\":\"search_term_string\"}}],\"inLanguage\":\"de\"},{\"@type\":\"Organization\",\"@id\":\"https:\/\/www.wirtschaftsverein.at\/#organization\",\"name\":\"Wirtschaftsverein Lauter\",\"url\":\"https:\/\/www.wirtschaftsverein.at\/\",\"logo\":{\"@type\":\"ImageObject\",\"inLanguage\":\"de\",\"@id\":\"https:\/\/www.wirtschaftsverein.at\/#\/schema\/logo\/image\/\",\"url\":\"https:\/\/www.wirtschaftsverein.at\/wp-content\/uploads\/2024\/04\/HWV-Logo.png\",\"contentUrl\":\"https:\/\/www.wirtschaftsverein.at\/wp-content\/uploads\/2024\/04\/HWV-Logo.png\",\"width\":1280,\"height\":482,\"caption\":\"Wirtschaftsverein Lauter\"},\"image\":{\"@id\":\"https:\/\/www.wirtschaftsverein.at\/#\/schema\/logo\/image\/\"}},{\"@type\":\"Person\",\"@id\":\"https:\/\/www.wirtschaftsverein.at\/#\/schema\/person\/7f6ccc333d1a1b32e78eeecb1dfdf419\",\"name\":\"admin\",\"image\":{\"@type\":\"ImageObject\",\"inLanguage\":\"de\",\"@id\":\"https:\/\/www.wirtschaftsverein.at\/#\/schema\/person\/image\/\",\"url\":\"https:\/\/secure.gravatar.com\/avatar\/9fc414960eeb3b6be5444962906d2a89ec712f480979f39e2a9b4736a5801d29?s=96&d=mm&r=g\",\"contentUrl\":\"https:\/\/secure.gravatar.com\/avatar\/9fc414960eeb3b6be5444962906d2a89ec712f480979f39e2a9b4736a5801d29?s=96&d=mm&r=g\",\"caption\":\"admin\"},\"sameAs\":[\"https:\/\/www.wirtschaftsverein.at\"],\"url\":\"https:\/\/www.wirtschaftsverein.at\/?author=1\"}]}<\/script>\n<!-- \/ Yoast SEO plugin. -->","yoast_head_json":{"title":"Business Poker Night - ein voller Erfolg - Wirtschaftsverein Lauter","robots":{"index":"index","follow":"follow","max-snippet":"max-snippet:-1","max-image-preview":"max-image-preview:large","max-video-preview":"max-video-preview:-1"},"canonical":"https:\/\/www.wirtschaftsverein.at\/?p=12888","og_locale":"de_DE","og_type":"article","og_title":"Business Poker Night - ein voller Erfolg - Wirtschaftsverein Lauter","og_description":"Mit rund 50 Teilnehmer*innen und vielen Begleitpersonen war unsere diesj\u00e4hrige Business Poker Night im Casino Bregenz ein echtes Highlight. Am Pokertisch \u2013 und weit dar\u00fcber hinaus \u2013 entstanden neue pers\u00f6nliche Kontakte und frische gesch\u00e4ftliche Verkn\u00fcpfungen. Die G\u00e4ste blieben auch nach dem Turnier noch lange im gepflegten Ambiente zusammen, tauschten Ideen aus und kn\u00fcpften neue Partnerschaften. [&hellip;]","og_url":"https:\/\/www.wirtschaftsverein.at\/?p=12888","og_site_name":"Wirtschaftsverein Lauter","article_published_time":"2025-12-02T08:19:39+00:00","article_modified_time":"2025-12-05T09:31:05+00:00","og_image":[{"width":1200,"height":1600,"url":"https:\/\/www.wirtschaftsverein.at\/wp-content\/uploads\/2025\/12\/PHOTO-2025-11-24-12-47-54-2.jpg","type":"image\/jpeg"}],"author":"admin","twitter_card":"summary_large_image","twitter_misc":{"Verfasst von":"admin","Gesch\u00e4tzte Lesezeit":"4\u00a0Minuten"},"schema":{"@context":"https:\/\/schema.org","@graph":[{"@type":"Article","@id":"https:\/\/www.wirtschaftsverein.at\/?p=12888#article","isPartOf":{"@id":"https:\/\/www.wirtschaftsverein.at\/?p=12888"},"author":{"name":"admin","@id":"https:\/\/www.wirtschaftsverein.at\/#\/schema\/person\/7f6ccc333d1a1b32e78eeecb1dfdf419"},"headline":"Business Poker Night &#8211; ein voller Erfolg","datePublished":"2025-12-02T08:19:39+00:00","dateModified":"2025-12-05T09:31:05+00:00","mainEntityOfPage":{"@id":"https:\/\/www.wirtschaftsverein.at\/?p=12888"},"wordCount":126,"publisher":{"@id":"https:\/\/www.wirtschaftsverein.at\/#organization"},"image":{"@id":"https:\/\/www.wirtschaftsverein.at\/?p=12888#primaryimage"},"thumbnailUrl":"https:\/\/www.wirtschaftsverein.at\/wp-content\/uploads\/2025\/12\/PHOTO-2025-11-24-12-47-54-2.jpg","keywords":["2025","business Poker night"],"articleSection":{"1":"News"},"inLanguage":"de"},{"@type":"WebPage","@id":"https:\/\/www.wirtschaftsverein.at\/?p=12888","url":"https:\/\/www.wirtschaftsverein.at\/?p=12888","name":"Business Poker Night - ein voller Erfolg - Wirtschaftsverein Lauter","isPartOf":{"@id":"https:\/\/www.wirtschaftsverein.at\/#website"},"primaryImageOfPage":{"@id":"https:\/\/www.wirtschaftsverein.at\/?p=12888#primaryimage"},"image":{"@id":"https:\/\/www.wirtschaftsverein.at\/?p=12888#primaryimage"},"thumbnailUrl":"https:\/\/www.wirtschaftsverein.at\/wp-content\/uploads\/2025\/12\/PHOTO-2025-11-24-12-47-54-2.jpg","datePublished":"2025-12-02T08:19:39+00:00","dateModified":"2025-12-05T09:31:05+00:00","breadcrumb":{"@id":"https:\/\/www.wirtschaftsverein.at\/?p=12888#breadcrumb"},"inLanguage":"de","potentialAction":[{"@type":"ReadAction","target":["https:\/\/www.wirtschaftsverein.at\/?p=12888"]}]},{"@type":"ImageObject","inLanguage":"de","@id":"https:\/\/www.wirtschaftsverein.at\/?p=12888#primaryimage","url":"https:\/\/www.wirtschaftsverein.at\/wp-content\/uploads\/2025\/12\/PHOTO-2025-11-24-12-47-54-2.jpg","contentUrl":"https:\/\/www.wirtschaftsverein.at\/wp-content\/uploads\/2025\/12\/PHOTO-2025-11-24-12-47-54-2.jpg","width":1200,"height":1600},{"@type":"BreadcrumbList","@id":"https:\/\/www.wirtschaftsverein.at\/?p=12888#breadcrumb","itemListElement":[{"@type":"ListItem","position":1,"name":"Startseite","item":"https:\/\/www.wirtschaftsverein.at\/"},{"@type":"ListItem","position":2,"name":"Business Poker Night &#8211; ein voller Erfolg"}]},{"@type":"WebSite","@id":"https:\/\/www.wirtschaftsverein.at\/#website","url":"https:\/\/www.wirtschaftsverein.at\/","name":"Wirtschaftsverein Lauter","description":"","publisher":{"@id":"https:\/\/www.wirtschaftsverein.at\/#organization"},"potentialAction":[{"@type":"SearchAction","target":{"@type":"EntryPoint","urlTemplate":"https:\/\/www.wirtschaftsverein.at\/?s={search_term_string}"},"query-input":{"@type":"PropertyValueSpecification","valueRequired":true,"valueName":"search_term_string"}}],"inLanguage":"de"},{"@type":"Organization","@id":"https:\/\/www.wirtschaftsverein.at\/#organization","name":"Wirtschaftsverein Lauter","url":"https:\/\/www.wirtschaftsverein.at\/","logo":{"@type":"ImageObject","inLanguage":"de","@id":"https:\/\/www.wirtschaftsverein.at\/#\/schema\/logo\/image\/","url":"https:\/\/www.wirtschaftsverein.at\/wp-content\/uploads\/2024\/04\/HWV-Logo.png","contentUrl":"https:\/\/www.wirtschaftsverein.at\/wp-content\/uploads\/2024\/04\/HWV-Logo.png","width":1280,"height":482,"caption":"Wirtschaftsverein Lauter"},"image":{"@id":"https:\/\/www.wirtschaftsverein.at\/#\/schema\/logo\/image\/"}},{"@type":"Person","@id":"https:\/\/www.wirtschaftsverein.at\/#\/schema\/person\/7f6ccc333d1a1b32e78eeecb1dfdf419","name":"admin","image":{"@type":"ImageObject","inLanguage":"de","@id":"https:\/\/www.wirtschaftsverein.at\/#\/schema\/person\/image\/","url":"https:\/\/secure.gravatar.com\/avatar\/9fc414960eeb3b6be5444962906d2a89ec712f480979f39e2a9b4736a5801d29?s=96&d=mm&r=g","contentUrl":"https:\/\/secure.gravatar.com\/avatar\/9fc414960eeb3b6be5444962906d2a89ec712f480979f39e2a9b4736a5801d29?s=96&d=mm&r=g","caption":"admin"},"sameAs":["https:\/\/www.wirtschaftsverein.at"],"url":"https:\/\/www.wirtschaftsverein.at\/?author=1"}]}},"_links":{"self":[{"href":"https:\/\/www.wirtschaftsverein.at\/index.php?rest_route=\/wp\/v2\/posts\/12888","targetHints":{"allow":["GET"]}}],"collection":[{"href":"https:\/\/www.wirtschaftsverein.at\/index.php?rest_route=\/wp\/v2\/posts"}],"about":[{"href":"https:\/\/www.wirtschaftsverein.at\/index.php?rest_route=\/wp\/v2\/types\/post"}],"author":[{"embeddable":true,"href":"https:\/\/www.wirtschaftsverein.at\/index.php?rest_route=\/wp\/v2\/users\/1"}],"replies":[{"embeddable":true,"href":"https:\/\/www.wirtschaftsverein.at\/index.php?rest_route=%2Fwp%2Fv2%2Fcomments&post=12888"}],"version-history":[{"count":10,"href":"https:\/\/www.wirtschaftsverein.at\/index.php?rest_route=\/wp\/v2\/posts\/12888\/revisions"}],"predecessor-version":[{"id":12932,"href":"https:\/\/www.wirtschaftsverein.at\/index.php?rest_route=\/wp\/v2\/posts\/12888\/revisions\/12932"}],"wp:featuredmedia":[{"embeddable":true,"href":"https:\/\/www.wirtschaftsverein.at\/index.php?rest_route=\/wp\/v2\/media\/12898"}],"wp:attachment":[{"href":"https:\/\/www.wirtschaftsverein.at\/index.php?rest_route=%2Fwp%2Fv2%2Fmedia&parent=12888"}],"wp:term":[{"taxonomy":"category","embeddable":true,"href":"https:\/\/www.wirtschaftsverein.at\/index.php?rest_route=%2Fwp%2Fv2%2Fcategories&post=12888"},{"taxonomy":"post_tag","embeddable":true,"href":"https:\/\/www.wirtschaftsverein.at\/index.php?rest_route=%2Fwp%2Fv2%2Ftags&post=12888"}],"curies":[{"name":"wp","href":"https:\/\/api.w.org\/{rel}","templated":true}]}}