{"id":13703,"date":"2026-09-03T05:52:16","date_gmt":"2026-09-03T05:52:16","guid":{"rendered":"https:\/\/www.wirtschaftsverein.at\/?p=13703"},"modified":"2026-09-03T05:52:17","modified_gmt":"2026-09-03T05:52:17","slug":"wine-dine-am-16-10-2026","status":"publish","type":"post","link":"https:\/\/www.wirtschaftsverein.at\/?p=13703","title":{"rendered":"Wine &amp; Dine am 16.10.2026"},"content":{"rendered":"\n<h2 class=\"wp-block-heading\">Ein kulinarischer Abend mit pers\u00f6nlichen Begegnungen<\/h2>\n\n\n\n<p class=\"wp-block-paragraph\">Am Freitag, 16. Oktober 2026, l\u00e4dt der Handwerker- und Wirtschaftsverein Lauterach zu einem besonderen Wine &amp; Dine im Michis Lauterach ein. Ab 18:00 Uhr erwartet die G\u00e4ste ein genussvoller Abend, bei dem ausgezeichnete K\u00fcche, erlesene Weine und pers\u00f6nliche Begegnungen im Mittelpunkt stehen.<\/p>\n\n\n\n<h3 class=\"wp-block-heading\">5-G\u00e4nge-Men\u00fc mit ausgew\u00e4hlter Weinbegleitung<\/h3>\n\n\n\n<p class=\"wp-block-paragraph\">Freuen Sie sich auf ein sorgf\u00e4ltig komponiertes 5-G\u00e4nge-Men\u00fc, das von ausgew\u00e4hlten Weinen der Pfanner &amp; Gutmann GmbH begleitet wird. Die Kombination aus kulinarischen K\u00f6stlichkeiten und passender Weinbegleitung macht das Wine &amp; Dine zu einem besonderen Genusserlebnis in stilvollem Ambiente.<\/p>\n\n\n\n<p class=\"wp-block-paragraph\">Doch an diesem Abend geht es um mehr als gutes Essen und hervorragenden Wein: Der Handwerker- und Wirtschaftsverein Lauterach m\u00f6chte Raum f\u00fcr echte Begegnungen, inspirierende Gespr\u00e4che und neue Kontakte schaffen. In entspannter Atmosph\u00e4re bietet sich die Gelegenheit, gemeinsam zu genie\u00dfen, sich auszutauschen und einen besonderen Abend in Lauterach zu verbringen.<\/p>\n\n\n\n<h3 class=\"wp-block-heading\">Anmeldung und Teilnahme<\/h3>\n\n\n\n<p class=\"wp-block-paragraph\"><strong>Datum:<\/strong> Freitag, 16. Oktober 2026<\/p>\n\n\n\n<p class=\"wp-block-paragraph\"><strong>Beginn:<\/strong> 18:00 Uhr<\/p>\n\n\n\n<p class=\"wp-block-paragraph\"><strong>Ort:<\/strong> Michis Lauterach<\/p>\n\n\n\n<p class=\"wp-block-paragraph\"><strong>Preis:<\/strong> \u20ac 99,\u2013 pro Person<\/p>\n\n\n\n<p class=\"wp-block-paragraph\"><strong>Inklusive:<\/strong> 5-G\u00e4nge-Men\u00fc, Aperitif, Wasser, Softdrinks und Weinbegleitung<\/p>\n\n\n\n<p class=\"wp-block-paragraph\"><strong>Anmeldung:<\/strong> bis sp\u00e4testens Freitag, 9. Oktober 2026<\/p>\n\n\n\n<p class=\"wp-block-paragraph\"><strong>Anmeldung per E-Mail:<\/strong> <a href=\"mailto:office@wirtschaftsverein.at\">office@wirtschaftsverein.at<\/a><\/p>\n\n\n\n<p class=\"wp-block-paragraph\"><strong>Bezahlung:<\/strong> direkt vor Ort im Michis<\/p>\n\n\n\n<p class=\"wp-block-paragraph\">Die Teilnehmerzahl ist begrenzt \u2013 eine rechtzeitige Anmeldung wird daher empfohlen.<\/p>\n\n\n\n<p class=\"wp-block-paragraph\"><strong>Wir freuen uns auf einen genussvollen Abend, besondere Begegnungen und unvergessliche Momente beim Wine &amp; Dine in Lauterach!<\/strong><\/p>\n","protected":false},"excerpt":{"rendered":"<p>Ein kulinarischer Abend mit pers\u00f6nlichen Begegnungen Am Freitag, 16. Oktober 2026, l\u00e4dt der Handwerker- und Wirtschaftsverein Lauterach zu einem besonderen Wine &amp; Dine im Michis Lauterach ein. Ab 18:00 Uhr erwartet die G\u00e4ste ein genussvoller Abend, bei dem ausgezeichnete K\u00fcche, erlesene Weine und pers\u00f6nliche Begegnungen im Mittelpunkt stehen. 5-G\u00e4nge-Men\u00fc mit ausgew\u00e4hlter Weinbegleitung Freuen Sie sich [&hellip;]<\/p>\n","protected":false},"author":1,"featured_media":13705,"comment_status":"closed","ping_status":"closed","sticky":false,"template":"","format":"standard","meta":{"footnotes":""},"categories":[52,2],"tags":[],"class_list":["post-13703","post","type-post","status-publish","format-standard","has-post-thumbnail","hentry","category-news","category-veranstaltung"],"yoast_head":"<!-- This site is optimized with the Yoast SEO plugin v28.4 - https:\/\/yoast.com\/product\/yoast-seo-wordpress\/ -->\n<title>Wine &amp; Dine am 16.10.2026 - Wirtschaftsverein Lauter<\/title>\n<meta name=\"robots\" content=\"index, follow, max-snippet:-1, max-image-preview:large, max-video-preview:-1\" \/>\n<link rel=\"canonical\" href=\"https:\/\/www.wirtschaftsverein.at\/?p=13703\" \/>\n<meta property=\"og:locale\" content=\"de_DE\" \/>\n<meta property=\"og:type\" content=\"article\" \/>\n<meta property=\"og:title\" content=\"Wine &amp; Dine am 16.10.2026 - Wirtschaftsverein Lauter\" \/>\n<meta property=\"og:description\" content=\"Ein kulinarischer Abend mit pers\u00f6nlichen Begegnungen Am Freitag, 16. Oktober 2026, l\u00e4dt der Handwerker- und Wirtschaftsverein Lauterach zu einem besonderen Wine &amp; Dine im Michis Lauterach ein. Ab 18:00 Uhr erwartet die G\u00e4ste ein genussvoller Abend, bei dem ausgezeichnete K\u00fcche, erlesene Weine und pers\u00f6nliche Begegnungen im Mittelpunkt stehen. 5-G\u00e4nge-Men\u00fc mit ausgew\u00e4hlter Weinbegleitung Freuen Sie sich [&hellip;]\" \/>\n<meta property=\"og:url\" content=\"https:\/\/www.wirtschaftsverein.at\/?p=13703\" \/>\n<meta property=\"og:site_name\" content=\"Wirtschaftsverein Lauter\" \/>\n<meta property=\"article:published_time\" content=\"2026-09-03T05:52:16+00:00\" \/>\n<meta property=\"article:modified_time\" content=\"2026-09-03T05:52:17+00:00\" \/>\n<meta property=\"og:image\" content=\"https:\/\/www.wirtschaftsverein.at\/wp-content\/uploads\/2026\/09\/Wine_Dine_Einladung_beste_Qualitaet.jpg\" \/>\n\t<meta property=\"og:image:width\" content=\"1024\" \/>\n\t<meta property=\"og:image:height\" content=\"1536\" \/>\n\t<meta property=\"og:image:type\" content=\"image\/jpeg\" \/>\n<meta name=\"author\" content=\"admin\" \/>\n<meta name=\"twitter:card\" content=\"summary_large_image\" \/>\n<meta name=\"twitter:label1\" content=\"Verfasst von\" \/>\n\t<meta name=\"twitter:data1\" content=\"admin\" \/>\n\t<meta name=\"twitter:label2\" content=\"Gesch\u00e4tzte Lesezeit\" \/>\n\t<meta name=\"twitter:data2\" content=\"2\u00a0Minuten\" \/>\n<script type=\"application\/ld+json\" class=\"yoast-schema-graph\">{\"@context\":\"https:\\\/\\\/schema.org\",\"@graph\":[{\"@type\":\"Article\",\"@id\":\"https:\\\/\\\/www.wirtschaftsverein.at\\\/?p=13703#article\",\"isPartOf\":{\"@id\":\"https:\\\/\\\/www.wirtschaftsverein.at\\\/?p=13703\"},\"author\":{\"name\":\"admin\",\"@id\":\"https:\\\/\\\/www.wirtschaftsverein.at\\\/#\\\/schema\\\/person\\\/7f6ccc333d1a1b32e78eeecb1dfdf419\"},\"headline\":\"Wine &amp; Dine am 16.10.2026\",\"datePublished\":\"2026-09-03T05:52:16+00:00\",\"dateModified\":\"2026-09-03T05:52:17+00:00\",\"mainEntityOfPage\":{\"@id\":\"https:\\\/\\\/www.wirtschaftsverein.at\\\/?p=13703\"},\"wordCount\":226,\"publisher\":{\"@id\":\"https:\\\/\\\/www.wirtschaftsverein.at\\\/#organization\"},\"image\":{\"@id\":\"https:\\\/\\\/www.wirtschaftsverein.at\\\/?p=13703#primaryimage\"},\"thumbnailUrl\":\"https:\\\/\\\/www.wirtschaftsverein.at\\\/wp-content\\\/uploads\\\/2026\\\/09\\\/Wine_Dine_Einladung_beste_Qualitaet.jpg\",\"articleSection\":[\"News\",\"Veranstaltung\"],\"inLanguage\":\"de\"},{\"@type\":\"WebPage\",\"@id\":\"https:\\\/\\\/www.wirtschaftsverein.at\\\/?p=13703\",\"url\":\"https:\\\/\\\/www.wirtschaftsverein.at\\\/?p=13703\",\"name\":\"Wine &amp; Dine am 16.10.2026 - Wirtschaftsverein Lauter\",\"isPartOf\":{\"@id\":\"https:\\\/\\\/www.wirtschaftsverein.at\\\/#website\"},\"primaryImageOfPage\":{\"@id\":\"https:\\\/\\\/www.wirtschaftsverein.at\\\/?p=13703#primaryimage\"},\"image\":{\"@id\":\"https:\\\/\\\/www.wirtschaftsverein.at\\\/?p=13703#primaryimage\"},\"thumbnailUrl\":\"https:\\\/\\\/www.wirtschaftsverein.at\\\/wp-content\\\/uploads\\\/2026\\\/09\\\/Wine_Dine_Einladung_beste_Qualitaet.jpg\",\"datePublished\":\"2026-09-03T05:52:16+00:00\",\"dateModified\":\"2026-09-03T05:52:17+00:00\",\"breadcrumb\":{\"@id\":\"https:\\\/\\\/www.wirtschaftsverein.at\\\/?p=13703#breadcrumb\"},\"inLanguage\":\"de\",\"potentialAction\":[{\"@type\":\"ReadAction\",\"target\":[\"https:\\\/\\\/www.wirtschaftsverein.at\\\/?p=13703\"]}]},{\"@type\":\"ImageObject\",\"inLanguage\":\"de\",\"@id\":\"https:\\\/\\\/www.wirtschaftsverein.at\\\/?p=13703#primaryimage\",\"url\":\"https:\\\/\\\/www.wirtschaftsverein.at\\\/wp-content\\\/uploads\\\/2026\\\/09\\\/Wine_Dine_Einladung_beste_Qualitaet.jpg\",\"contentUrl\":\"https:\\\/\\\/www.wirtschaftsverein.at\\\/wp-content\\\/uploads\\\/2026\\\/09\\\/Wine_Dine_Einladung_beste_Qualitaet.jpg\",\"width\":1024,\"height\":1536},{\"@type\":\"BreadcrumbList\",\"@id\":\"https:\\\/\\\/www.wirtschaftsverein.at\\\/?p=13703#breadcrumb\",\"itemListElement\":[{\"@type\":\"ListItem\",\"position\":1,\"name\":\"Startseite\",\"item\":\"https:\\\/\\\/www.wirtschaftsverein.at\\\/\"},{\"@type\":\"ListItem\",\"position\":2,\"name\":\"Wine &amp; Dine am 16.10.2026\"}]},{\"@type\":\"WebSite\",\"@id\":\"https:\\\/\\\/www.wirtschaftsverein.at\\\/#website\",\"url\":\"https:\\\/\\\/www.wirtschaftsverein.at\\\/\",\"name\":\"Wirtschaftsverein Lauter\",\"description\":\"\",\"publisher\":{\"@id\":\"https:\\\/\\\/www.wirtschaftsverein.at\\\/#organization\"},\"potentialAction\":[{\"@type\":\"SearchAction\",\"target\":{\"@type\":\"EntryPoint\",\"urlTemplate\":\"https:\\\/\\\/www.wirtschaftsverein.at\\\/?s={search_term_string}\"},\"query-input\":{\"@type\":\"PropertyValueSpecification\",\"valueRequired\":true,\"valueName\":\"search_term_string\"}}],\"inLanguage\":\"de\"},{\"@type\":\"Organization\",\"@id\":\"https:\\\/\\\/www.wirtschaftsverein.at\\\/#organization\",\"name\":\"Wirtschaftsverein Lauter\",\"url\":\"https:\\\/\\\/www.wirtschaftsverein.at\\\/\",\"logo\":{\"@type\":\"ImageObject\",\"inLanguage\":\"de\",\"@id\":\"https:\\\/\\\/www.wirtschaftsverein.at\\\/#\\\/schema\\\/logo\\\/image\\\/\",\"url\":\"https:\\\/\\\/www.wirtschaftsverein.at\\\/wp-content\\\/uploads\\\/2024\\\/04\\\/HWV-Logo.png\",\"contentUrl\":\"https:\\\/\\\/www.wirtschaftsverein.at\\\/wp-content\\\/uploads\\\/2024\\\/04\\\/HWV-Logo.png\",\"width\":1280,\"height\":482,\"caption\":\"Wirtschaftsverein Lauter\"},\"image\":{\"@id\":\"https:\\\/\\\/www.wirtschaftsverein.at\\\/#\\\/schema\\\/logo\\\/image\\\/\"}},{\"@type\":\"Person\",\"@id\":\"https:\\\/\\\/www.wirtschaftsverein.at\\\/#\\\/schema\\\/person\\\/7f6ccc333d1a1b32e78eeecb1dfdf419\",\"name\":\"admin\",\"image\":{\"@type\":\"ImageObject\",\"inLanguage\":\"de\",\"@id\":\"https:\\\/\\\/secure.gravatar.com\\\/avatar\\\/9fc414960eeb3b6be5444962906d2a89ec712f480979f39e2a9b4736a5801d29?s=96&d=mm&r=g\",\"url\":\"https:\\\/\\\/secure.gravatar.com\\\/avatar\\\/9fc414960eeb3b6be5444962906d2a89ec712f480979f39e2a9b4736a5801d29?s=96&d=mm&r=g\",\"contentUrl\":\"https:\\\/\\\/secure.gravatar.com\\\/avatar\\\/9fc414960eeb3b6be5444962906d2a89ec712f480979f39e2a9b4736a5801d29?s=96&d=mm&r=g\",\"caption\":\"admin\"},\"sameAs\":[\"https:\\\/\\\/www.wirtschaftsverein.at\"],\"url\":\"https:\\\/\\\/www.wirtschaftsverein.at\\\/?author=1\"}]}<\/script>\n<!-- \/ Yoast SEO plugin. -->","yoast_head_json":{"title":"Wine &amp; Dine am 16.10.2026 - Wirtschaftsverein Lauter","robots":{"index":"index","follow":"follow","max-snippet":"max-snippet:-1","max-image-preview":"max-image-preview:large","max-video-preview":"max-video-preview:-1"},"canonical":"https:\/\/www.wirtschaftsverein.at\/?p=13703","og_locale":"de_DE","og_type":"article","og_title":"Wine &amp; Dine am 16.10.2026 - Wirtschaftsverein Lauter","og_description":"Ein kulinarischer Abend mit pers\u00f6nlichen Begegnungen Am Freitag, 16. Oktober 2026, l\u00e4dt der Handwerker- und Wirtschaftsverein Lauterach zu einem besonderen Wine &amp; Dine im Michis Lauterach ein. Ab 18:00 Uhr erwartet die G\u00e4ste ein genussvoller Abend, bei dem ausgezeichnete K\u00fcche, erlesene Weine und pers\u00f6nliche Begegnungen im Mittelpunkt stehen. 5-G\u00e4nge-Men\u00fc mit ausgew\u00e4hlter Weinbegleitung Freuen Sie sich [&hellip;]","og_url":"https:\/\/www.wirtschaftsverein.at\/?p=13703","og_site_name":"Wirtschaftsverein Lauter","article_published_time":"2026-09-03T05:52:16+00:00","article_modified_time":"2026-09-03T05:52:17+00:00","og_image":[{"width":1024,"height":1536,"url":"https:\/\/www.wirtschaftsverein.at\/wp-content\/uploads\/2026\/09\/Wine_Dine_Einladung_beste_Qualitaet.jpg","type":"image\/jpeg"}],"author":"admin","twitter_card":"summary_large_image","twitter_misc":{"Verfasst von":"admin","Gesch\u00e4tzte Lesezeit":"2\u00a0Minuten"},"schema":{"@context":"https:\/\/schema.org","@graph":[{"@type":"Article","@id":"https:\/\/www.wirtschaftsverein.at\/?p=13703#article","isPartOf":{"@id":"https:\/\/www.wirtschaftsverein.at\/?p=13703"},"author":{"name":"admin","@id":"https:\/\/www.wirtschaftsverein.at\/#\/schema\/person\/7f6ccc333d1a1b32e78eeecb1dfdf419"},"headline":"Wine &amp; Dine am 16.10.2026","datePublished":"2026-09-03T05:52:16+00:00","dateModified":"2026-09-03T05:52:17+00:00","mainEntityOfPage":{"@id":"https:\/\/www.wirtschaftsverein.at\/?p=13703"},"wordCount":226,"publisher":{"@id":"https:\/\/www.wirtschaftsverein.at\/#organization"},"image":{"@id":"https:\/\/www.wirtschaftsverein.at\/?p=13703#primaryimage"},"thumbnailUrl":"https:\/\/www.wirtschaftsverein.at\/wp-content\/uploads\/2026\/09\/Wine_Dine_Einladung_beste_Qualitaet.jpg","articleSection":["News","Veranstaltung"],"inLanguage":"de"},{"@type":"WebPage","@id":"https:\/\/www.wirtschaftsverein.at\/?p=13703","url":"https:\/\/www.wirtschaftsverein.at\/?p=13703","name":"Wine &amp; Dine am 16.10.2026 - Wirtschaftsverein Lauter","isPartOf":{"@id":"https:\/\/www.wirtschaftsverein.at\/#website"},"primaryImageOfPage":{"@id":"https:\/\/www.wirtschaftsverein.at\/?p=13703#primaryimage"},"image":{"@id":"https:\/\/www.wirtschaftsverein.at\/?p=13703#primaryimage"},"thumbnailUrl":"https:\/\/www.wirtschaftsverein.at\/wp-content\/uploads\/2026\/09\/Wine_Dine_Einladung_beste_Qualitaet.jpg","datePublished":"2026-09-03T05:52:16+00:00","dateModified":"2026-09-03T05:52:17+00:00","breadcrumb":{"@id":"https:\/\/www.wirtschaftsverein.at\/?p=13703#breadcrumb"},"inLanguage":"de","potentialAction":[{"@type":"ReadAction","target":["https:\/\/www.wirtschaftsverein.at\/?p=13703"]}]},{"@type":"ImageObject","inLanguage":"de","@id":"https:\/\/www.wirtschaftsverein.at\/?p=13703#primaryimage","url":"https:\/\/www.wirtschaftsverein.at\/wp-content\/uploads\/2026\/09\/Wine_Dine_Einladung_beste_Qualitaet.jpg","contentUrl":"https:\/\/www.wirtschaftsverein.at\/wp-content\/uploads\/2026\/09\/Wine_Dine_Einladung_beste_Qualitaet.jpg","width":1024,"height":1536},{"@type":"BreadcrumbList","@id":"https:\/\/www.wirtschaftsverein.at\/?p=13703#breadcrumb","itemListElement":[{"@type":"ListItem","position":1,"name":"Startseite","item":"https:\/\/www.wirtschaftsverein.at\/"},{"@type":"ListItem","position":2,"name":"Wine &amp; Dine am 16.10.2026"}]},{"@type":"WebSite","@id":"https:\/\/www.wirtschaftsverein.at\/#website","url":"https:\/\/www.wirtschaftsverein.at\/","name":"Wirtschaftsverein Lauter","description":"","publisher":{"@id":"https:\/\/www.wirtschaftsverein.at\/#organization"},"potentialAction":[{"@type":"SearchAction","target":{"@type":"EntryPoint","urlTemplate":"https:\/\/www.wirtschaftsverein.at\/?s={search_term_string}"},"query-input":{"@type":"PropertyValueSpecification","valueRequired":true,"valueName":"search_term_string"}}],"inLanguage":"de"},{"@type":"Organization","@id":"https:\/\/www.wirtschaftsverein.at\/#organization","name":"Wirtschaftsverein Lauter","url":"https:\/\/www.wirtschaftsverein.at\/","logo":{"@type":"ImageObject","inLanguage":"de","@id":"https:\/\/www.wirtschaftsverein.at\/#\/schema\/logo\/image\/","url":"https:\/\/www.wirtschaftsverein.at\/wp-content\/uploads\/2024\/04\/HWV-Logo.png","contentUrl":"https:\/\/www.wirtschaftsverein.at\/wp-content\/uploads\/2024\/04\/HWV-Logo.png","width":1280,"height":482,"caption":"Wirtschaftsverein Lauter"},"image":{"@id":"https:\/\/www.wirtschaftsverein.at\/#\/schema\/logo\/image\/"}},{"@type":"Person","@id":"https:\/\/www.wirtschaftsverein.at\/#\/schema\/person\/7f6ccc333d1a1b32e78eeecb1dfdf419","name":"admin","image":{"@type":"ImageObject","inLanguage":"de","@id":"https:\/\/secure.gravatar.com\/avatar\/9fc414960eeb3b6be5444962906d2a89ec712f480979f39e2a9b4736a5801d29?s=96&d=mm&r=g","url":"https:\/\/secure.gravatar.com\/avatar\/9fc414960eeb3b6be5444962906d2a89ec712f480979f39e2a9b4736a5801d29?s=96&d=mm&r=g","contentUrl":"https:\/\/secure.gravatar.com\/avatar\/9fc414960eeb3b6be5444962906d2a89ec712f480979f39e2a9b4736a5801d29?s=96&d=mm&r=g","caption":"admin"},"sameAs":["https:\/\/www.wirtschaftsverein.at"],"url":"https:\/\/www.wirtschaftsverein.at\/?author=1"}]}},"_links":{"self":[{"href":"https:\/\/www.wirtschaftsverein.at\/index.php?rest_route=\/wp\/v2\/posts\/13703","targetHints":{"allow":["GET"]}}],"collection":[{"href":"https:\/\/www.wirtschaftsverein.at\/index.php?rest_route=\/wp\/v2\/posts"}],"about":[{"href":"https:\/\/www.wirtschaftsverein.at\/index.php?rest_route=\/wp\/v2\/types\/post"}],"author":[{"embeddable":true,"href":"https:\/\/www.wirtschaftsverein.at\/index.php?rest_route=\/wp\/v2\/users\/1"}],"replies":[{"embeddable":true,"href":"https:\/\/www.wirtschaftsverein.at\/index.php?rest_route=%2Fwp%2Fv2%2Fcomments&post=13703"}],"version-history":[{"count":1,"href":"https:\/\/www.wirtschaftsverein.at\/index.php?rest_route=\/wp\/v2\/posts\/13703\/revisions"}],"predecessor-version":[{"id":13706,"href":"https:\/\/www.wirtschaftsverein.at\/index.php?rest_route=\/wp\/v2\/posts\/13703\/revisions\/13706"}],"wp:featuredmedia":[{"embeddable":true,"href":"https:\/\/www.wirtschaftsverein.at\/index.php?rest_route=\/wp\/v2\/media\/13705"}],"wp:attachment":[{"href":"https:\/\/www.wirtschaftsverein.at\/index.php?rest_route=%2Fwp%2Fv2%2Fmedia&parent=13703"}],"wp:term":[{"taxonomy":"category","embeddable":true,"href":"https:\/\/www.wirtschaftsverein.at\/index.php?rest_route=%2Fwp%2Fv2%2Fcategories&post=13703"},{"taxonomy":"post_tag","embeddable":true,"href":"https:\/\/www.wirtschaftsverein.at\/index.php?rest_route=%2Fwp%2Fv2%2Ftags&post=13703"}],"curies":[{"name":"wp","href":"https:\/\/api.w.org\/{rel}","templated":true}]}}